{"id":1370,"date":"2024-02-23T16:37:29","date_gmt":"2024-02-23T16:37:29","guid":{"rendered":"https:\/\/legalinfonb.ca\/last-chance-to-register-for-safer-places-workshops-on-workplace-sexual-harassment\/"},"modified":"2024-08-21T15:26:06","modified_gmt":"2024-08-21T15:26:06","slug":"last-chance-to-register-for-safer-places-workshops-on-workplace-sexual-harassment","status":"publish","type":"post","link":"https:\/\/legalinfonb.ca\/fr\/last-chance-to-register-for-safer-places-workshops-on-workplace-sexual-harassment\/","title":{"rendered":"Ateliers Lieux plus s\u00fbrs N.-B. sur le harc\u00e8lement sexuel en milieu de travail : derni\u00e8re chance pour s\u2019inscrire"},"content":{"rendered":"<div class=\"fusion-fullwidth fullwidth-box fusion-builder-row-1 fusion-flex-container nonhundred-percent-fullwidth non-hundred-percent-height-scrolling\" style=\"--awb-border-radius-top-left:0px;--awb-border-radius-top-right:0px;--awb-border-radius-bottom-right:0px;--awb-border-radius-bottom-left:0px;--awb-flex-wrap:wrap;\" ><div class=\"fusion-builder-row fusion-row fusion-flex-align-items-flex-start fusion-flex-content-wrap\" style=\"max-width:104%;margin-left: calc(-4% \/ 2 );margin-right: calc(-4% \/ 2 );\"><div class=\"fusion-layout-column fusion_builder_column fusion-builder-column-0 fusion_builder_column_2_3 2_3 fusion-flex-column\" style=\"--awb-bg-size:cover;--awb-width-large:66.666666666667%;--awb-margin-top-large:0px;--awb-spacing-right-large:2.88%;--awb-margin-bottom-large:20px;--awb-spacing-left-large:2.88%;--awb-width-medium:66.666666666667%;--awb-order-medium:0;--awb-spacing-right-medium:2.88%;--awb-spacing-left-medium:2.88%;--awb-width-small:100%;--awb-order-small:0;--awb-spacing-right-small:1.92%;--awb-spacing-left-small:1.92%;\"><div class=\"fusion-column-wrapper fusion-column-has-shadow fusion-flex-justify-content-flex-start fusion-content-layout-column\"><div class=\"fusion-text fusion-text-1\"><p style=\"font-weight: 400;\">Du 7 au 21\u00a0mars 2024, le SPEIJ-NB organise ses\u00a0<b><strong>derniers ateliers gratuits<\/strong><\/b>\u00a0sur le droit applicable en cas de harc\u00e8lement sexuel au travail. C\u2019est la derni\u00e8re chance pour vous inscrire \u00e0 une de ces s\u00e9ances de formation gratuites et ouvertes au public.<\/p>\n<p style=\"font-weight: 400;\">Les ateliers s\u2019adressent s\u00e9par\u00e9ment aux membres du personnel et aux gestionnaires\/propri\u00e9taires. Les s\u00e9ances pour les membres du personnel durent deux heures et celles pour les gestionnaires trois heures afin d\u2019aller plus loin en mati\u00e8re de prise en charge, le cas \u00e9ch\u00e9ant, des plaintes de harc\u00e8lement sexuel.<\/p>\n<p style=\"font-weight: 400;\">Cliquez sur les liens ci-dessous pour vous inscrire.<\/p>\n<\/div><\/div><\/div><div class=\"fusion-layout-column fusion_builder_column fusion-builder-column-1 fusion_builder_column_1_3 1_3 fusion-flex-column\" style=\"--awb-bg-size:cover;--awb-width-large:33.333333333333%;--awb-margin-top-large:0px;--awb-spacing-right-large:5.76%;--awb-margin-bottom-large:20px;--awb-spacing-left-large:5.76%;--awb-width-medium:33.333333333333%;--awb-order-medium:0;--awb-spacing-right-medium:5.76%;--awb-spacing-left-medium:5.76%;--awb-width-small:100%;--awb-order-small:0;--awb-spacing-right-small:1.92%;--awb-spacing-left-small:1.92%;\"><div class=\"fusion-column-wrapper fusion-column-has-shadow fusion-flex-justify-content-flex-start fusion-content-layout-column\"><div class=\"fusion-image-element \" style=\"text-align:center;--awb-margin-top:30px;--awb-caption-title-font-family:var(--h2_typography-font-family);--awb-caption-title-font-weight:var(--h2_typography-font-weight);--awb-caption-title-font-style:var(--h2_typography-font-style);--awb-caption-title-size:var(--h2_typography-font-size);--awb-caption-title-transform:var(--h2_typography-text-transform);--awb-caption-title-line-height:var(--h2_typography-line-height);--awb-caption-title-letter-spacing:var(--h2_typography-letter-spacing);\"><span class=\" fusion-imageframe imageframe-none imageframe-1 hover-type-none\"><img decoding=\"async\" width=\"1200\" height=\"630\" alt=\"Safer Places NB\" title=\"safer-places-nb-workshop\" src=\"https:\/\/legalinfonb.ca\/wp-content\/uploads\/2024\/04\/safer-places-nb-workshop.jpg\" class=\"img-responsive wp-image-1368\" srcset=\"https:\/\/legalinfonb.ca\/wp-content\/uploads\/2024\/04\/safer-places-nb-workshop-200x105.jpg 200w, https:\/\/legalinfonb.ca\/wp-content\/uploads\/2024\/04\/safer-places-nb-workshop-400x210.jpg 400w, https:\/\/legalinfonb.ca\/wp-content\/uploads\/2024\/04\/safer-places-nb-workshop-600x315.jpg 600w, https:\/\/legalinfonb.ca\/wp-content\/uploads\/2024\/04\/safer-places-nb-workshop-800x420.jpg 800w, https:\/\/legalinfonb.ca\/wp-content\/uploads\/2024\/04\/safer-places-nb-workshop.jpg 1200w\" sizes=\"(max-width: 640px) 100vw, 600px\" \/><\/span><\/div><\/div><\/div><div class=\"fusion-layout-column fusion_builder_column fusion-builder-column-2 fusion_builder_column_1_1 1_1 fusion-flex-column\" style=\"--awb-bg-size:cover;--awb-width-large:100%;--awb-margin-top-large:0px;--awb-spacing-right-large:1.92%;--awb-margin-bottom-large:0px;--awb-spacing-left-large:1.92%;--awb-width-medium:100%;--awb-spacing-right-medium:1.92%;--awb-spacing-left-medium:1.92%;--awb-width-small:100%;--awb-spacing-right-small:1.92%;--awb-spacing-left-small:1.92%;\"><div class=\"fusion-column-wrapper fusion-flex-justify-content-flex-start fusion-content-layout-column\">\n<div class=\"table-1\">\n<table width=\"100%\">\n<thead>\n<tr>\n<th align=\"left\"><strong>Public<\/strong><\/th>\n<th align=\"left\"><strong>Langue<\/strong><\/th>\n<th align=\"left\"><strong>Date<\/strong><\/th>\n<th align=\"left\"><strong>Heure<\/strong><\/th>\n<th align=\"left\"><strong>Lien pour s\u2019inscrire<\/strong><\/th>\n<\/tr>\n<\/thead>\n<tbody>\n<tr>\n<td align=\"left\">Membres du personnel<\/td>\n<td align=\"left\">Fran\u00e7ais<\/td>\n<td align=\"left\">7\u00a0mars 2024<\/td>\n<td align=\"left\">13 h-15 h<\/td>\n<td align=\"left\"><a href=\"https:\/\/us06web.zoom.us\/meeting\/register\/tZIvfu6urTIvGdZdgvU7-ef4QN3pbNPSKOIK\" target=\"_blank\" rel=\"noopener\"><span lang=\"FR-CA\">S\u2019inscrire ici<\/span><\/a><\/td>\n<\/tr>\n<tr>\n<td align=\"left\">Employeurs<\/td>\n<td align=\"left\">Fran\u00e7ais<\/td>\n<td align=\"left\">14 mars 2024<\/td>\n<td align=\"left\">13 h-16 h<\/td>\n<td align=\"left\"><a href=\"https:\/\/us06web.zoom.us\/meeting\/register\/tZ0qdOmprTIiGtae7GZ1uaKtQsMf23SKDY6t\" target=\"_blank\" rel=\"noopener\"><span lang=\"FR-CA\">S\u2019inscrire ici<\/span><\/a><\/td>\n<\/tr>\n<tr>\n<td align=\"left\">Membres du personnel<\/td>\n<td align=\"left\">Anglais<\/td>\n<td align=\"left\">21 mars 2024<\/td>\n<td align=\"left\">13 h-15 h<\/td>\n<td align=\"left\"><a href=\"https:\/\/us06web.zoom.us\/meeting\/register\/tZUtf-6qpj4sH9OhmcPTHKYqcwk4n8OfHWna\" target=\"_blank\" rel=\"noopener\"><span lang=\"FR-CA\">S\u2019inscrire ici<\/span><\/a><\/td>\n<\/tr>\n<\/tbody>\n<\/table>\n<\/div>\n<div class=\"fusion-text fusion-text-2\"><p style=\"font-weight: 400;\">Ces ateliers sont donn\u00e9s dans le cadre de Lieux plus s\u00fbrs N.-B., une initiative conjointe du SPEIJ-NB et de la Commission des droits de la personne du Nouveau-Brunswick visant \u00e0 pr\u00e9venir et \u00e0 contrer le harc\u00e8lement sexuel en milieu de travail. En plus des ateliers de formation ouverts au public, nous proposons des formations priv\u00e9es pour les groupes ou les entreprises, que vous pouvez demander en envoyant un courriel \u00e0\u00a0<a href=\"mailto:info@saferplacesnb.ca\">info@saferplacesnb.ca<\/a>.<\/p>\n<p style=\"font-weight: 400;\">Nous proposons \u00e9galement des modules de formation individuels sur notre site web,\u00a0<a href=\"https:\/\/saferplacesnb.ca\/fr\/suivez-la-formation\/\" target=\"_blank\" rel=\"noopener\">SaferPlacesNB.ca<\/a>.<\/p>\n<p style=\"font-weight: 400;\">Pour de plus amples renseignements sur le harc\u00e8lement sexuel et sur vos droits en la mati\u00e8re, consultez notre site Internet\u00a0<a href=\"http:\/\/saferplacesnb.ca\" target=\"_blank\" rel=\"noopener\">http:\/\/saferplacesnb.ca<\/a>.<\/p>\n<p style=\"font-weight: 400;\">Lieux plus s\u00fbrs N.-B. est rendu possible gr\u00e2ce au financement du minist\u00e8re de la Justice du Canada.<\/p>\n<\/div><\/div><\/div><\/div><\/div>\n","protected":false},"excerpt":{"rendered":"","protected":false},"author":1,"featured_media":1368,"comment_status":"open","ping_status":"open","sticky":false,"template":"","format":"standard","meta":{"footnotes":""},"categories":[22],"tags":[],"class_list":["post-1370","post","type-post","status-publish","format-standard","has-post-thumbnail","hentry","category-news-fr"],"_links":{"self":[{"href":"https:\/\/legalinfonb.ca\/fr\/wp-json\/wp\/v2\/posts\/1370","targetHints":{"allow":["GET"]}}],"collection":[{"href":"https:\/\/legalinfonb.ca\/fr\/wp-json\/wp\/v2\/posts"}],"about":[{"href":"https:\/\/legalinfonb.ca\/fr\/wp-json\/wp\/v2\/types\/post"}],"author":[{"embeddable":true,"href":"https:\/\/legalinfonb.ca\/fr\/wp-json\/wp\/v2\/users\/1"}],"replies":[{"embeddable":true,"href":"https:\/\/legalinfonb.ca\/fr\/wp-json\/wp\/v2\/comments?post=1370"}],"version-history":[{"count":9,"href":"https:\/\/legalinfonb.ca\/fr\/wp-json\/wp\/v2\/posts\/1370\/revisions"}],"predecessor-version":[{"id":1887,"href":"https:\/\/legalinfonb.ca\/fr\/wp-json\/wp\/v2\/posts\/1370\/revisions\/1887"}],"wp:featuredmedia":[{"embeddable":true,"href":"https:\/\/legalinfonb.ca\/fr\/wp-json\/wp\/v2\/media\/1368"}],"wp:attachment":[{"href":"https:\/\/legalinfonb.ca\/fr\/wp-json\/wp\/v2\/media?parent=1370"}],"wp:term":[{"taxonomy":"category","embeddable":true,"href":"https:\/\/legalinfonb.ca\/fr\/wp-json\/wp\/v2\/categories?post=1370"},{"taxonomy":"post_tag","embeddable":true,"href":"https:\/\/legalinfonb.ca\/fr\/wp-json\/wp\/v2\/tags?post=1370"}],"curies":[{"name":"wp","href":"https:\/\/api.w.org\/{rel}","templated":true}]}}